{"id":60214,"date":"2026-04-30T10:14:05","date_gmt":"2026-04-30T08:14:05","guid":{"rendered":"https:\/\/atlatszo.ro\/?p=60214"},"modified":"2026-04-30T08:14:07","modified_gmt":"2026-04-30T06:14:07","slug":"ne-au-mai-ramas-bani-doar-pentru-o-singura-luna-continuarea-depinde-de-tine","status":"publish","type":"post","link":"https:\/\/prod2.atlatszo.exot.hu\/ro\/romana\/ne-au-mai-ramas-bani-doar-pentru-o-singura-luna-continuarea-depinde-de-tine\/","title":{"rendered":"Ne-au mai r\u0103mas bani doar pentru o singur\u0103 lun\u0103. Continuarea depinde de tine"},"content":{"rendered":"\n<p>\u00cen ultimul an \u0219i jum\u0103tate,<a href=\"https:\/\/atlatszo.ro\/kozlemenyek\/bajban-vagyunk-atlatszo-erdely-2024-beszamolo\/\" target=\"_blank\" rel=\"noreferrer noopener\"> am semnalat \u00een repetate r\u00e2nduri<\/a> c\u0103 redac\u021bia noastr\u0103 se afl\u0103 \u00eentr-o situa\u021bie financiar\u0103 dificil\u0103. Motivul principal este c\u0103 sursa noastr\u0103 cea mai important\u0103 de venit sunt granturile interna\u021bionale pentru jurnalismul independent, dar aceste granturi sunt din ce \u00een ce mai pu\u021bine \u0219i fondurile alocate sunt tot mai mici. \u0218i tot mai multe redac\u021bii aplic\u0103 pentru ele.<\/p>\n\n\n\n<p><br>Cealalt\u0103 surs\u0103 important\u0103 de venit sunt dona\u021biile cititorilor no\u0219tri. Aceste dona\u021bii cresc de la an la an. Suntem foarte recunosc\u0103tori pentru suport, dar aceste contribu\u021bii sunt departe de a compensa pierderile de venit din granturi.<\/p>\n\n\n\n<p><br>Din bugetul nostru de 140 de mii de euro pe anul acesta, ne lipsesc aproximativ 60 de mii de euro, \u0219i nu avem perspective pentru a asigura ace\u0219ti bani. Doar \u00eentre\u021binerea<a href=\"http:\/\/atlatszo.ro\/\" target=\"_blank\" rel=\"noreferrer noopener\"> atlatszo.ro<\/a> \u2013 adic\u0103 aplica\u021biile \u0219i serviciile care permit func\u021bionarea site-ului nostru \u2013 cost\u0103 \u0219apte mii de euro pe an.<\/p>\n\n\n\n<p><br>Am redus toate cheltuielile de care ne puteam lipsi: \u00een prezent, <strong>costurile noastre lunare de func\u021bionare sunt de 12 mii de euro<\/strong>. Asocia\u021bia noastr\u0103 avea ni\u0219te rezerve financiare din anii preceden\u021bi, a\u0219a c\u0103 p\u00e2n\u0103 acum am acoperit diferen\u021ba dintre venituri \u0219i cheltuieli din ace\u0219ti bani.<\/p>\n\n\n\n<h2 class=\"wp-block-heading\">Dar acum am epuizat \u0219i aceast\u0103 rezerv\u0103.<\/h2>\n\n\n\n<p>Am ajuns \u00een punctul \u00een care trebuie s\u0103 ne atingem de cel mai important element de cheltuieli: salariile \u0219i contractele de munc\u0103 ale jurnali\u0219tilor no\u0219tri.<\/p>\n\n\n\n<p>Echipa noastr\u0103 \u00ee\u0219i dore\u0219te \u00een unanimitate ca Transilvania Transparent\u0103 s\u0103 continue s\u0103 func\u021bioneze. \u00cen prezent, \u00eencerc\u0103m s\u0103 g\u0103sim o modalitate de a finaliza proiectele noastre \u00een curs \u0219i de a ne \u00eendeplini obliga\u021biile contractuale cu program redus de lucru. Trebuie s\u0103 reg\u00e2ndim func\u021bionarea noastr\u0103 doar pe baz\u0103 de proiecte. Este clar c\u0103 <strong>atlatszo.ro nu va putea continua f\u0103r\u0103 ajutorul cititorilor no\u0219tri<\/strong>.<\/p>\n\n\n\n<p><br>Din iunie, vom putea lucra doar c\u00e2t ne permit veniturile. Timpul de lucru redus, al\u0103turi de un alt loc de munc\u0103, ne va afecta desigur capacitatea \u0219i aten\u021bia pe care le putem dedica scrierii unor articole la fel de detaliate \u0219i temeinice precum v-am obi\u0219nuit.&nbsp;<\/p>\n\n\n\n<p>Cea mai mare valoare a redac\u021biei noastre este know-how-ul \u0219i experien\u021ba jurnalistic\u0103 dob\u00e2ndit\u0103 de echipa noastr\u0103, demonstrat\u0103 prin munca lor din ultimii ani. Dac\u0103 aceast\u0103 echipa editorial\u0103 se destram\u0103, aceste cuno\u0219tin\u021be \u0219i experien\u021b\u0103 vor fi literalmente de ne\u00eenlocuit.<\/p>\n\n\n\n<p>O dona\u021bie lunar\u0103 de o mie de euro din partea a 12 antreprenori faini ar putea asigura \u00eentreg bugetul asocia\u021biei. Dar nu urm\u0103rim vise de\u0219arte. 120 de cet\u0103\u021beni mai \u00eenst\u0103ri\u021bi ar putea sus\u021bine Transilvania Transparent\u0103 cu o sut\u0103 de euro pe lun\u0103. Dar ceea ce sper\u0103m cu adev\u0103rat: <strong>1200 de cititori dedica\u021bi <\/strong>ar putea asigura continuarea muncii noastre cu o dona\u021bie de doar zece euro pe lun\u0103.<\/p>\n\n\n\n<p>C\u0103ut\u0103m 1200 de cititori dedica\u021bi care s\u0103 sus\u021bin\u0103 Transilvania Transparent\u0103\/\u00c1tl\u00e1tsz\u00f3 Erd\u00e9ly! Formularul pentru <a href=\"https:\/\/redirectioneaza.ro\/szabadsajto\/\">dona\u021bie 3,5% poate fi accesat aici<\/a>. <\/p>\n\n\n\n<iframe style='border:none;height:625px;width:100%;' src='https:\/\/secure.euplatesc.ro\/hi\/donate\/index.php?md=44840986885&#038;s=S7QyNLSqLrYytFIqULIG0wZQOhGNXwKijUytlByL85MzE0syExUcS3ISS4qr8hVci1JScyqhCstAtKWVkqGBjpGBjomBDlQ8F0obQekisIFAdTCBZChtCKVzoAqK8qGMArAWAyslKL%2BsCIdVKQiTagE&#038;cl=SzExSDQ0qqlJTQLBGhBIgQohGHBWYrIBENQAAA&#038;key=e15bce79a1f324d8c63906a13032c202'><\/iframe>\n\n\n\n<p><em>Fotografia a fost f\u0103cut\u0103 \u00een ianuarie 2026. Edit \u00c9va P\u00e1l lipse\u0219te din ea pentru c\u0103 ea a f\u0103cut fotografia (\u00eempingeam ma\u0219ina ei, care era blocat\u0103 \u00een z\u0103pad\u0103).<\/em><\/p>\n","protected":false},"excerpt":{"rendered":"<p>\u00cen ultimul an \u0219i jum\u0103tate, am semnalat \u00een repetate r\u00e2nduri c\u0103 redac\u021bia noastr\u0103 se afl\u0103 \u00eentr-o situa\u021bie financiar\u0103 dificil\u0103. Motivul principal este c\u0103 sursa noastr\u0103 cea mai important\u0103 de venit sunt granturile interna\u021bionale pentru jurnalismul independent, dar aceste granturi sunt din ce \u00een ce mai pu\u021bine \u0219i fondurile alocate sunt tot mai mici. \u0218i tot [&hellip;]<\/p>\n","protected":false},"author":7,"featured_media":60201,"comment_status":"closed","ping_status":"open","sticky":false,"template":"","format":"standard","meta":{"footnotes":""},"categories":[25],"tags":[5007,5006],"ppma_author":[2992],"yoast_head":"<!-- This site is optimized with the Yoast SEO plugin v21.5 - https:\/\/yoast.com\/wordpress\/plugins\/seo\/ -->\n<title>Ne-au mai r\u0103mas bani doar pentru o singur\u0103 lun\u0103. Continuarea depinde de tine - \u00c1tl\u00e1tsz\u00f3 Erd\u00e9ly<\/title>\n<meta name=\"description\" content=\"60 de mii de euro ne lipsesc din bugetul pe anul \u00een curs. Salariile pe luna mai le mai putem pl\u0103ti, dar cele din iunie nu sunt acoperite pe deplin.\" \/>\n<meta name=\"robots\" content=\"index, follow, max-snippet:-1, max-image-preview:large, max-video-preview:-1\" \/>\n<link rel=\"canonical\" href=\"https:\/\/atlatszo.ro\/ro\/romana\/ne-au-mai-ramas-bani-doar-pentru-o-singura-luna-continuarea-depinde-de-tine\/\" \/>\n<meta property=\"og:locale\" content=\"ro_RO\" \/>\n<meta property=\"og:type\" content=\"article\" \/>\n<meta property=\"og:title\" content=\"Ne-au mai r\u0103mas bani doar pentru o singur\u0103 lun\u0103. Continuarea depinde de tine - \u00c1tl\u00e1tsz\u00f3 Erd\u00e9ly\" \/>\n<meta property=\"og:description\" content=\"60 de mii de euro ne lipsesc din bugetul pe anul \u00een curs. Salariile pe luna mai le mai putem pl\u0103ti, dar cele din iunie nu sunt acoperite pe deplin.\" \/>\n<meta property=\"og:url\" content=\"https:\/\/atlatszo.ro\/ro\/romana\/ne-au-mai-ramas-bani-doar-pentru-o-singura-luna-continuarea-depinde-de-tine\/\" \/>\n<meta property=\"og:site_name\" content=\"\u00c1tl\u00e1tsz\u00f3 Erd\u00e9ly\" \/>\n<meta property=\"article:publisher\" content=\"https:\/\/www.facebook.com\/atlatszoerdely\/\" \/>\n<meta property=\"article:published_time\" content=\"2026-04-30T08:14:05+00:00\" \/>\n<meta property=\"article:modified_time\" content=\"2026-04-30T06:14:07+00:00\" \/>\n<meta property=\"og:image\" content=\"https:\/\/atlatszo.ro\/wp-content\/uploads\/2026\/04\/kikep_AE_csapat.jpg\" \/>\n\t<meta property=\"og:image:width\" content=\"1200\" \/>\n\t<meta property=\"og:image:height\" content=\"701\" \/>\n\t<meta property=\"og:image:type\" content=\"image\/jpeg\" \/>\n<meta name=\"author\" content=\"Sipos Zolt\u00e1n\" \/>\n<meta name=\"twitter:card\" content=\"summary_large_image\" \/>\n<meta name=\"twitter:creator\" content=\"@erdely_atlatszo\" \/>\n<meta name=\"twitter:site\" content=\"@erdely_atlatszo\" \/>\n<meta name=\"twitter:label1\" content=\"Scris de\" \/>\n\t<meta name=\"twitter:data1\" content=\"Sipos Zolt\u00e1n\" \/>\n\t<meta name=\"twitter:label2\" content=\"Timp estimat pentru citire\" \/>\n\t<meta name=\"twitter:data2\" content=\"3 minute\" \/>\n<script type=\"application\/ld+json\" class=\"yoast-schema-graph\">{\"@context\":\"https:\/\/schema.org\",\"@graph\":[{\"@type\":\"Article\",\"@id\":\"https:\/\/atlatszo.ro\/ro\/romana\/ne-au-mai-ramas-bani-doar-pentru-o-singura-luna-continuarea-depinde-de-tine\/#article\",\"isPartOf\":{\"@id\":\"https:\/\/atlatszo.ro\/ro\/romana\/ne-au-mai-ramas-bani-doar-pentru-o-singura-luna-continuarea-depinde-de-tine\/\"},\"author\":{\"name\":\"Sipos Zolt\u00e1n\",\"@id\":\"https:\/\/atlatszo.ro\/#\/schema\/person\/ee224e1443a0476a9a599098fac5507f\"},\"headline\":\"Ne-au mai r\u0103mas bani doar pentru o singur\u0103 lun\u0103. Continuarea depinde de tine\",\"datePublished\":\"2026-04-30T08:14:05+00:00\",\"dateModified\":\"2026-04-30T06:14:07+00:00\",\"mainEntityOfPage\":{\"@id\":\"https:\/\/atlatszo.ro\/ro\/romana\/ne-au-mai-ramas-bani-doar-pentru-o-singura-luna-continuarea-depinde-de-tine\/\"},\"wordCount\":557,\"publisher\":{\"@id\":\"https:\/\/atlatszo.ro\/#organization\"},\"keywords\":[\"dona\u021bii\",\"fundraising\"],\"articleSection\":[\"Rom\u00e2n\u0103\"],\"inLanguage\":\"ro-RO\"},{\"@type\":\"WebPage\",\"@id\":\"https:\/\/atlatszo.ro\/ro\/romana\/ne-au-mai-ramas-bani-doar-pentru-o-singura-luna-continuarea-depinde-de-tine\/\",\"url\":\"https:\/\/atlatszo.ro\/ro\/romana\/ne-au-mai-ramas-bani-doar-pentru-o-singura-luna-continuarea-depinde-de-tine\/\",\"name\":\"Ne-au mai r\u0103mas bani doar pentru o singur\u0103 lun\u0103. Continuarea depinde de tine - \u00c1tl\u00e1tsz\u00f3 Erd\u00e9ly\",\"isPartOf\":{\"@id\":\"https:\/\/atlatszo.ro\/#website\"},\"datePublished\":\"2026-04-30T08:14:05+00:00\",\"dateModified\":\"2026-04-30T06:14:07+00:00\",\"description\":\"60 de mii de euro ne lipsesc din bugetul pe anul \u00een curs. Salariile pe luna mai le mai putem pl\u0103ti, dar cele din iunie nu sunt acoperite pe deplin.\",\"breadcrumb\":{\"@id\":\"https:\/\/atlatszo.ro\/ro\/romana\/ne-au-mai-ramas-bani-doar-pentru-o-singura-luna-continuarea-depinde-de-tine\/#breadcrumb\"},\"inLanguage\":\"ro-RO\",\"potentialAction\":[{\"@type\":\"ReadAction\",\"target\":[\"https:\/\/atlatszo.ro\/ro\/romana\/ne-au-mai-ramas-bani-doar-pentru-o-singura-luna-continuarea-depinde-de-tine\/\"]}]},{\"@type\":\"BreadcrumbList\",\"@id\":\"https:\/\/atlatszo.ro\/ro\/romana\/ne-au-mai-ramas-bani-doar-pentru-o-singura-luna-continuarea-depinde-de-tine\/#breadcrumb\",\"itemListElement\":[{\"@type\":\"ListItem\",\"position\":1,\"name\":\"Home\",\"item\":\"https:\/\/atlatszo.ro\/ro\/\"},{\"@type\":\"ListItem\",\"position\":2,\"name\":\"Ne-au mai r\u0103mas bani doar pentru o singur\u0103 lun\u0103. Continuarea depinde de tine\"}]},{\"@type\":\"WebSite\",\"@id\":\"https:\/\/atlatszo.ro\/#website\",\"url\":\"https:\/\/atlatszo.ro\/\",\"name\":\"\u00c1tl\u00e1tsz\u00f3 Erd\u00e9ly\",\"description\":\"\u00c1tl\u00e1tsz\u00f3 Erd\u00e9ly\",\"publisher\":{\"@id\":\"https:\/\/atlatszo.ro\/#organization\"},\"potentialAction\":[{\"@type\":\"SearchAction\",\"target\":{\"@type\":\"EntryPoint\",\"urlTemplate\":\"https:\/\/atlatszo.ro\/?s={search_term_string}\"},\"query-input\":\"required name=search_term_string\"}],\"inLanguage\":\"ro-RO\"},{\"@type\":\"Organization\",\"@id\":\"https:\/\/atlatszo.ro\/#organization\",\"name\":\"\u00c1tl\u00e1tsz\u00f3 Erd\u00e9ly\",\"url\":\"https:\/\/atlatszo.ro\/\",\"logo\":{\"@type\":\"ImageObject\",\"inLanguage\":\"ro-RO\",\"@id\":\"https:\/\/atlatszo.ro\/#\/schema\/logo\/image\/\",\"url\":\"https:\/\/atlatszo.ro\/wp-content\/uploads\/2022\/06\/logo-atlatszo.png\",\"contentUrl\":\"https:\/\/atlatszo.ro\/wp-content\/uploads\/2022\/06\/logo-atlatszo.png\",\"width\":270,\"height\":104,\"caption\":\"\u00c1tl\u00e1tsz\u00f3 Erd\u00e9ly\"},\"image\":{\"@id\":\"https:\/\/atlatszo.ro\/#\/schema\/logo\/image\/\"},\"sameAs\":[\"https:\/\/www.facebook.com\/atlatszoerdely\/\",\"https:\/\/twitter.com\/erdely_atlatszo\",\"https:\/\/www.instagram.com\/atlatszo_erdely\/\",\"https:\/\/www.youtube.com\/channel\/UC6lunfqCrLA0aDAjt1--TKg\"]},{\"@type\":\"Person\",\"@id\":\"https:\/\/atlatszo.ro\/#\/schema\/person\/ee224e1443a0476a9a599098fac5507f\",\"name\":\"Sipos Zolt\u00e1n\",\"image\":{\"@type\":\"ImageObject\",\"inLanguage\":\"ro-RO\",\"@id\":\"https:\/\/atlatszo.ro\/#\/schema\/person\/image\/909ca0eb7008220cb3a9c5919c7e2236\",\"url\":\"https:\/\/prod2.atlatszo.exot.hu\/wp-content\/uploads\/2025\/02\/sipi.jpg\",\"contentUrl\":\"https:\/\/prod2.atlatszo.exot.hu\/wp-content\/uploads\/2025\/02\/sipi.jpg\",\"caption\":\"Sipos Zolt\u00e1n\"},\"description\":\"1980-ban sz\u00fclettem Kolozsv\u00e1ron. Az \u00c1tl\u00e1tsz\u00f3 Erd\u00e9ly egyik alap\u00edt\u00f3ja, jelenleg f\u0151szerkeszt\u0151je \u00e9s egyben kiad\u00f3ja is vagyok. Alapk\u00e9pz\u00e9sen filoz\u00f3fi\u00e1t tanultam, majd szociol\u00f3gia mesterit v\u00e9geztem a Babe\u0219-Bolyai Tudom\u00e1nyegyetemen. 2001-t\u0151l 2014-ig a Transindex.ro internetes port\u00e1ln\u00e1l dolgoztam. T\u00e9m\u00e1im: a magyar korm\u00e1ny hat\u00e1ron t\u00fali t\u00e1mogat\u00e1sai \u00e9s erd\u00e9lyi befoly\u00e1s\u00e9p\u00edt\u00e9se, az erd\u00e9lyi magyar p\u00e1rtok finansz\u00edroz\u00e1sa, politikai \u00e9s \u00fczleti \u00f6sszefon\u00f3d\u00e1sok, k\u00f6z\u00e9leti szem\u00e9lyis\u00e9gek egy\u00fcttm\u0171k\u00f6d\u00e9se a volt kommunista titkosszolg\u00e1lattal, k\u00f6rnyezetszennyez\u0151 nagyberuh\u00e1z\u00e1sok, kisk\u00f6z\u00f6ss\u00e9gek hatalmi viszonyai.\",\"url\":\"https:\/\/prod2.atlatszo.exot.hu\/ro\/author\/siposzoltan\/\"}]}<\/script>\n<!-- \/ Yoast SEO plugin. -->","yoast_head_json":{"title":"Ne-au mai r\u0103mas bani doar pentru o singur\u0103 lun\u0103. Continuarea depinde de tine - \u00c1tl\u00e1tsz\u00f3 Erd\u00e9ly","description":"60 de mii de euro ne lipsesc din bugetul pe anul \u00een curs. Salariile pe luna mai le mai putem pl\u0103ti, dar cele din iunie nu sunt acoperite pe deplin.","robots":{"index":"index","follow":"follow","max-snippet":"max-snippet:-1","max-image-preview":"max-image-preview:large","max-video-preview":"max-video-preview:-1"},"canonical":"https:\/\/atlatszo.ro\/ro\/romana\/ne-au-mai-ramas-bani-doar-pentru-o-singura-luna-continuarea-depinde-de-tine\/","og_locale":"ro_RO","og_type":"article","og_title":"Ne-au mai r\u0103mas bani doar pentru o singur\u0103 lun\u0103. Continuarea depinde de tine - \u00c1tl\u00e1tsz\u00f3 Erd\u00e9ly","og_description":"60 de mii de euro ne lipsesc din bugetul pe anul \u00een curs. Salariile pe luna mai le mai putem pl\u0103ti, dar cele din iunie nu sunt acoperite pe deplin.","og_url":"https:\/\/atlatszo.ro\/ro\/romana\/ne-au-mai-ramas-bani-doar-pentru-o-singura-luna-continuarea-depinde-de-tine\/","og_site_name":"\u00c1tl\u00e1tsz\u00f3 Erd\u00e9ly","article_publisher":"https:\/\/www.facebook.com\/atlatszoerdely\/","article_published_time":"2026-04-30T08:14:05+00:00","article_modified_time":"2026-04-30T06:14:07+00:00","og_image":[{"width":1200,"height":701,"url":"https:\/\/atlatszo.ro\/wp-content\/uploads\/2026\/04\/kikep_AE_csapat.jpg","type":"image\/jpeg"}],"author":"Sipos Zolt\u00e1n","twitter_card":"summary_large_image","twitter_creator":"@erdely_atlatszo","twitter_site":"@erdely_atlatszo","twitter_misc":{"Scris de":"Sipos Zolt\u00e1n","Timp estimat pentru citire":"3 minute"},"schema":{"@context":"https:\/\/schema.org","@graph":[{"@type":"Article","@id":"https:\/\/atlatszo.ro\/ro\/romana\/ne-au-mai-ramas-bani-doar-pentru-o-singura-luna-continuarea-depinde-de-tine\/#article","isPartOf":{"@id":"https:\/\/atlatszo.ro\/ro\/romana\/ne-au-mai-ramas-bani-doar-pentru-o-singura-luna-continuarea-depinde-de-tine\/"},"author":{"name":"Sipos Zolt\u00e1n","@id":"https:\/\/atlatszo.ro\/#\/schema\/person\/ee224e1443a0476a9a599098fac5507f"},"headline":"Ne-au mai r\u0103mas bani doar pentru o singur\u0103 lun\u0103. Continuarea depinde de tine","datePublished":"2026-04-30T08:14:05+00:00","dateModified":"2026-04-30T06:14:07+00:00","mainEntityOfPage":{"@id":"https:\/\/atlatszo.ro\/ro\/romana\/ne-au-mai-ramas-bani-doar-pentru-o-singura-luna-continuarea-depinde-de-tine\/"},"wordCount":557,"publisher":{"@id":"https:\/\/atlatszo.ro\/#organization"},"keywords":["dona\u021bii","fundraising"],"articleSection":["Rom\u00e2n\u0103"],"inLanguage":"ro-RO"},{"@type":"WebPage","@id":"https:\/\/atlatszo.ro\/ro\/romana\/ne-au-mai-ramas-bani-doar-pentru-o-singura-luna-continuarea-depinde-de-tine\/","url":"https:\/\/atlatszo.ro\/ro\/romana\/ne-au-mai-ramas-bani-doar-pentru-o-singura-luna-continuarea-depinde-de-tine\/","name":"Ne-au mai r\u0103mas bani doar pentru o singur\u0103 lun\u0103. Continuarea depinde de tine - \u00c1tl\u00e1tsz\u00f3 Erd\u00e9ly","isPartOf":{"@id":"https:\/\/atlatszo.ro\/#website"},"datePublished":"2026-04-30T08:14:05+00:00","dateModified":"2026-04-30T06:14:07+00:00","description":"60 de mii de euro ne lipsesc din bugetul pe anul \u00een curs. Salariile pe luna mai le mai putem pl\u0103ti, dar cele din iunie nu sunt acoperite pe deplin.","breadcrumb":{"@id":"https:\/\/atlatszo.ro\/ro\/romana\/ne-au-mai-ramas-bani-doar-pentru-o-singura-luna-continuarea-depinde-de-tine\/#breadcrumb"},"inLanguage":"ro-RO","potentialAction":[{"@type":"ReadAction","target":["https:\/\/atlatszo.ro\/ro\/romana\/ne-au-mai-ramas-bani-doar-pentru-o-singura-luna-continuarea-depinde-de-tine\/"]}]},{"@type":"BreadcrumbList","@id":"https:\/\/atlatszo.ro\/ro\/romana\/ne-au-mai-ramas-bani-doar-pentru-o-singura-luna-continuarea-depinde-de-tine\/#breadcrumb","itemListElement":[{"@type":"ListItem","position":1,"name":"Home","item":"https:\/\/atlatszo.ro\/ro\/"},{"@type":"ListItem","position":2,"name":"Ne-au mai r\u0103mas bani doar pentru o singur\u0103 lun\u0103. Continuarea depinde de tine"}]},{"@type":"WebSite","@id":"https:\/\/atlatszo.ro\/#website","url":"https:\/\/atlatszo.ro\/","name":"\u00c1tl\u00e1tsz\u00f3 Erd\u00e9ly","description":"\u00c1tl\u00e1tsz\u00f3 Erd\u00e9ly","publisher":{"@id":"https:\/\/atlatszo.ro\/#organization"},"potentialAction":[{"@type":"SearchAction","target":{"@type":"EntryPoint","urlTemplate":"https:\/\/atlatszo.ro\/?s={search_term_string}"},"query-input":"required name=search_term_string"}],"inLanguage":"ro-RO"},{"@type":"Organization","@id":"https:\/\/atlatszo.ro\/#organization","name":"\u00c1tl\u00e1tsz\u00f3 Erd\u00e9ly","url":"https:\/\/atlatszo.ro\/","logo":{"@type":"ImageObject","inLanguage":"ro-RO","@id":"https:\/\/atlatszo.ro\/#\/schema\/logo\/image\/","url":"https:\/\/atlatszo.ro\/wp-content\/uploads\/2022\/06\/logo-atlatszo.png","contentUrl":"https:\/\/atlatszo.ro\/wp-content\/uploads\/2022\/06\/logo-atlatszo.png","width":270,"height":104,"caption":"\u00c1tl\u00e1tsz\u00f3 Erd\u00e9ly"},"image":{"@id":"https:\/\/atlatszo.ro\/#\/schema\/logo\/image\/"},"sameAs":["https:\/\/www.facebook.com\/atlatszoerdely\/","https:\/\/twitter.com\/erdely_atlatszo","https:\/\/www.instagram.com\/atlatszo_erdely\/","https:\/\/www.youtube.com\/channel\/UC6lunfqCrLA0aDAjt1--TKg"]},{"@type":"Person","@id":"https:\/\/atlatszo.ro\/#\/schema\/person\/ee224e1443a0476a9a599098fac5507f","name":"Sipos Zolt\u00e1n","image":{"@type":"ImageObject","inLanguage":"ro-RO","@id":"https:\/\/atlatszo.ro\/#\/schema\/person\/image\/909ca0eb7008220cb3a9c5919c7e2236","url":"https:\/\/prod2.atlatszo.exot.hu\/wp-content\/uploads\/2025\/02\/sipi.jpg","contentUrl":"https:\/\/prod2.atlatszo.exot.hu\/wp-content\/uploads\/2025\/02\/sipi.jpg","caption":"Sipos Zolt\u00e1n"},"description":"1980-ban sz\u00fclettem Kolozsv\u00e1ron. Az \u00c1tl\u00e1tsz\u00f3 Erd\u00e9ly egyik alap\u00edt\u00f3ja, jelenleg f\u0151szerkeszt\u0151je \u00e9s egyben kiad\u00f3ja is vagyok. Alapk\u00e9pz\u00e9sen filoz\u00f3fi\u00e1t tanultam, majd szociol\u00f3gia mesterit v\u00e9geztem a Babe\u0219-Bolyai Tudom\u00e1nyegyetemen. 2001-t\u0151l 2014-ig a Transindex.ro internetes port\u00e1ln\u00e1l dolgoztam. T\u00e9m\u00e1im: a magyar korm\u00e1ny hat\u00e1ron t\u00fali t\u00e1mogat\u00e1sai \u00e9s erd\u00e9lyi befoly\u00e1s\u00e9p\u00edt\u00e9se, az erd\u00e9lyi magyar p\u00e1rtok finansz\u00edroz\u00e1sa, politikai \u00e9s \u00fczleti \u00f6sszefon\u00f3d\u00e1sok, k\u00f6z\u00e9leti szem\u00e9lyis\u00e9gek egy\u00fcttm\u0171k\u00f6d\u00e9se a volt kommunista titkosszolg\u00e1lattal, k\u00f6rnyezetszennyez\u0151 nagyberuh\u00e1z\u00e1sok, kisk\u00f6z\u00f6ss\u00e9gek hatalmi viszonyai.","url":"https:\/\/prod2.atlatszo.exot.hu\/ro\/author\/siposzoltan\/"}]}},"authors":[{"term_id":2992,"user_id":7,"is_guest":0,"slug":"siposzoltan","display_name":"Sipos Zolt\u00e1n","avatar_url":{"url":"https:\/\/prod2.atlatszo.exot.hu\/wp-content\/uploads\/2025\/02\/sipi.jpg","url2x":"https:\/\/prod2.atlatszo.exot.hu\/wp-content\/uploads\/2025\/02\/sipi.jpg"},"user_url":"","last_name":"Sipos","first_name":"Zolt\u00e1n","description":"1980-ban sz\u00fclettem Kolozsv\u00e1ron. Az \u00c1tl\u00e1tsz\u00f3 Erd\u00e9ly egyik alap\u00edt\u00f3ja, jelenleg f\u0151szerkeszt\u0151je \u00e9s egyben kiad\u00f3ja is vagyok. Alapk\u00e9pz\u00e9sen filoz\u00f3fi\u00e1t tanultam, majd szociol\u00f3gia mesterit v\u00e9geztem a Babe\u0219-Bolyai Tudom\u00e1nyegyetemen. 2001-t\u0151l 2014-ig a <a href=\"http:\/\/transindex.ro\/\" target=\"_blank\">Transindex.ro<\/a> internetes port\u00e1ln\u00e1l dolgoztam.\r\n\r\nT\u00e9m\u00e1im: a magyar korm\u00e1ny hat\u00e1ron t\u00fali t\u00e1mogat\u00e1sai \u00e9s erd\u00e9lyi befoly\u00e1s\u00e9p\u00edt\u00e9se, az erd\u00e9lyi magyar p\u00e1rtok finansz\u00edroz\u00e1sa, politikai \u00e9s \u00fczleti \u00f6sszefon\u00f3d\u00e1sok, k\u00f6z\u00e9leti szem\u00e9lyis\u00e9gek egy\u00fcttm\u0171k\u00f6d\u00e9se a volt kommunista titkosszolg\u00e1lattal, k\u00f6rnyezetszennyez\u0151 nagyberuh\u00e1z\u00e1sok, kisk\u00f6z\u00f6ss\u00e9gek hatalmi viszonyai."}],"_links":{"self":[{"href":"https:\/\/prod2.atlatszo.exot.hu\/ro\/wp-json\/wp\/v2\/posts\/60214"}],"collection":[{"href":"https:\/\/prod2.atlatszo.exot.hu\/ro\/wp-json\/wp\/v2\/posts"}],"about":[{"href":"https:\/\/prod2.atlatszo.exot.hu\/ro\/wp-json\/wp\/v2\/types\/post"}],"author":[{"embeddable":true,"href":"https:\/\/prod2.atlatszo.exot.hu\/ro\/wp-json\/wp\/v2\/users\/7"}],"replies":[{"embeddable":true,"href":"https:\/\/prod2.atlatszo.exot.hu\/ro\/wp-json\/wp\/v2\/comments?post=60214"}],"version-history":[{"count":3,"href":"https:\/\/prod2.atlatszo.exot.hu\/ro\/wp-json\/wp\/v2\/posts\/60214\/revisions"}],"predecessor-version":[{"id":60217,"href":"https:\/\/prod2.atlatszo.exot.hu\/ro\/wp-json\/wp\/v2\/posts\/60214\/revisions\/60217"}],"wp:featuredmedia":[{"embeddable":true,"href":"https:\/\/prod2.atlatszo.exot.hu\/ro\/wp-json\/wp\/v2\/media\/60201"}],"wp:attachment":[{"href":"https:\/\/prod2.atlatszo.exot.hu\/ro\/wp-json\/wp\/v2\/media?parent=60214"}],"wp:term":[{"taxonomy":"category","embeddable":true,"href":"https:\/\/prod2.atlatszo.exot.hu\/ro\/wp-json\/wp\/v2\/categories?post=60214"},{"taxonomy":"post_tag","embeddable":true,"href":"https:\/\/prod2.atlatszo.exot.hu\/ro\/wp-json\/wp\/v2\/tags?post=60214"},{"taxonomy":"author","embeddable":true,"href":"https:\/\/prod2.atlatszo.exot.hu\/ro\/wp-json\/wp\/v2\/ppma_author?post=60214"}],"curies":[{"name":"wp","href":"https:\/\/api.w.org\/{rel}","templated":true}]}}