{"id":38934,"date":"2022-07-04T15:03:45","date_gmt":"2022-07-04T15:03:45","guid":{"rendered":"http:\/\/dev2.atlatszo.exot.hu\/?p=38934"},"modified":"2022-07-06T11:45:24","modified_gmt":"2022-07-06T11:45:24","slug":"finantari-de-peste-hotare-s-a-inchis-robinetul-cu-bani-la-budapesta","status":"publish","type":"post","link":"https:\/\/prod2.atlatszo.exot.hu\/ro\/romana\/finantari-de-peste-hotare-s-a-inchis-robinetul-cu-bani-la-budapesta\/","title":{"rendered":"Finan\u021b\u0103ri de peste hotare: s-a \u00eenchis robinetul cu bani la Budapesta?"},"content":{"rendered":"\n<p><strong>\u00cen 2021, Fondul Bethlen G\u00e1bor a alocat semnificativ mai pu\u021bini bani organiza\u021biilor din afara Ungariei, fa\u021b\u0103 de anii anteriori. \u00cen Transilvania, aproape c\u0103 nu mai exist\u0103 finan\u021b\u0103ri de ordinul miliardelor de forin\u021bi; investi\u021biile imobiliare \u00eencepute \u00een trecut se vor \u00eencheia, \u00eens\u0103 investi\u021bii noi abia dac\u0103 sunt efectuate.<\/strong><\/p>\n\n\n\n<!--more-->\n\n\n\n<p>Anul trecut, Fondul Bethlen G\u00e1bor (principalul fond al guvernului maghiar pentru finan\u021barea activit\u0103\u021bilor organiza\u021biilor maghiarilor de peste hotare) a alocat finan\u021b\u0103ri \u00een valoare total\u0103 de 32,3 miliarde de forin\u021bi (91,5 milioane de euro, la cursul zilei). Aceast\u0103 sum\u0103 reprezint\u0103 doar un sfert din cele 129 miliarde de forin\u021bi (365 milioane de euro) din 2020.<\/p>\n\n\n\n<p>Finan\u021b\u0103rile din Transilvania au sc\u0103zut, \u00een mare parte, propor\u021bional: \u00een timp ce \u00een 2020, s-au alocat 46,7 miliarde de forin\u021bi (132 milioane de euro), \u00een anul 2021, aceast\u0103 sum\u0103 a sc\u0103zut la 13,3 miliarde (37,6 milioane de euro) conform calculelor noastre.<\/p>\n\n\n\n<p>Motivul acestei sc\u0103deri considerabile poate fi doar speculat. Nu cunoa\u0219tem explica\u021biile oficiale, iar Fondul Bethlen G\u00e1bor nu ne r\u0103spunde la \u00eentreb\u0103ri. Mai mult ca sigur c\u0103 unul din motivele pentru reducerea finan\u021b\u0103rilor este deficitul bugetar record al Ungariei de <a href=\"https:\/\/telex.hu\/gazdasag\/2022\/01\/11\/allamhaztartasi-hiany-5100-milliard\">5100 miliarde de forin\u021bi.<\/a><\/p>\n\n\n\n<script id=\"infogram_0_50bebc13-6a9d-43ed-aee3-7a294112499a\" title=\"Fondul Bethlen G\u00e1bor 2011-2021\" src=\"https:\/\/e.infogram.com\/js\/dist\/embed.js?bTs\" type=\"text\/javascript\"><\/script>\n\n\n\n<h2 class=\"wp-block-heading\">Asocia\u021bia pentru Spa\u021biul Media Transilvan este de\u021bin\u0103toarea recordului absolut<\/h2>\n\n\n\n<p>Examin\u00e2nd deciziile de finan\u021bare referitoare la Transilvania, se vede clar c\u0103 fa\u021b\u0103 de anii anteriori, sunt mult mai pu\u021bine decizii de finan\u021bare de ordinul miliardelor de forin\u021bi. Cea mai mare sum\u0103, \u0219i anume 2,2 miliarde de forin\u021bi (6,2 milioane de euro), a fost alocat\u0103 Asocia\u021biei pentru Spa\u021biul Media Transilvan care administreaz\u0103 trustul media <a href=\"https:\/\/szekelyhon.ro\/\" target=\"_blank\" rel=\"noreferrer noopener\">Sz\u00e9kelyhon<\/a>. <a href=\"https:\/\/atlatszo.ro\/ro\/important\/punguta-cu-doi-bani-5-milioane-de-euro-pe-an-pentru-trustul-media-maghiar-din-transilvania\/\" target=\"_blank\" rel=\"noreferrer noopener\">Am relatat mai detaliat aici<\/a> despre proiectele trustului media, rapoartele contradictorii privind num\u0103rul de vizualiz\u0103ri \u0219i proiectele de dezvoltare abandonate.<\/p>\n\n\n\n<figure class=\"wp-block-embed is-type-wp-embed is-provider-atlatszo-erdely wp-block-embed-atlatszo-erdely\"><div class=\"wp-block-embed__wrapper\">\n<blockquote class=\"wp-embedded-content\" data-secret=\"6EB1u8GnUw\"><a href=\"https:\/\/atlatszo.ro\/ro\/important\/punguta-cu-doi-bani-5-milioane-de-euro-pe-an-pentru-trustul-media-maghiar-din-transilvania\/\">Pungu\u021ba cu doi bani: 5 milioane de euro pe an pentru trustul media maghiar din Transilvania<\/a><\/blockquote><iframe class=\"wp-embedded-content\" sandbox=\"allow-scripts\" security=\"restricted\" style=\"position: absolute; clip: rect(1px, 1px, 1px, 1px);\" title=\"&#8222;Pungu\u021ba cu doi bani: 5 milioane de euro pe an pentru trustul media maghiar din Transilvania&#8221; &#8212; \u00c1tl\u00e1tsz\u00f3 Erd\u00e9ly\" src=\"https:\/\/atlatszo.ro\/ro\/important\/punguta-cu-doi-bani-5-milioane-de-euro-pe-an-pentru-trustul-media-maghiar-din-transilvania\/embed\/#?secret=UPVd4xF0kJ#?secret=6EB1u8GnUw\" data-secret=\"6EB1u8GnUw\" width=\"500\" height=\"282\" frameborder=\"0\" marginwidth=\"0\" marginheight=\"0\" scrolling=\"no\"><\/iframe>\n<\/div><\/figure>\n\n\n\n<p>Asocia\u021bia <a href=\"https:\/\/temesvarimagyarnapok.ro\/varbastya-egyesulet\/\" target=\"_blank\" rel=\"noreferrer noopener\">V\u00e1rb\u00e1stya-Bastion din Timi\u0219oara a primit<\/a> 1,1 miliarde de forin\u021bi (3,1 milioane de euro) pentru achizi\u021bii imobiliare, dezvoltarea proiectelor imobiliare \u0219i achizi\u021bie de active. \u00cen top-ul imaginar, pe locul al treilea, se situeaz\u0103 Sepsi OSK SA, societatea pe ac\u021biuni care patroneaz\u0103 echipa de fotbal Sepsi OSK, cu suma de 792 milioane de forin\u021bi (2,2 milioane de euro).<\/p>\n\n\n\n<figure class=\"wp-block-embed is-type-wp-embed is-provider-atlatszo-erdely wp-block-embed-atlatszo-erdely\"><div class=\"wp-block-embed__wrapper\">\n<blockquote class=\"wp-embedded-content\" data-secret=\"7DtXBpB8XP\"><a href=\"https:\/\/atlatszo.ro\/ro\/romana\/abel-pe-gazon-fotbalul-secuiesc-infloreste-datorita-guvernului-maghiar\/\">Abel pe gazon: fotbalul secuiesc \u00eenflore\u0219te datorit\u0103 guvernului maghiar?<\/a><\/blockquote><iframe class=\"wp-embedded-content\" sandbox=\"allow-scripts\" security=\"restricted\" style=\"position: absolute; clip: rect(1px, 1px, 1px, 1px);\" title=\"&#8222;Abel pe gazon: fotbalul secuiesc \u00eenflore\u0219te datorit\u0103 guvernului maghiar?&#8221; &#8212; \u00c1tl\u00e1tsz\u00f3 Erd\u00e9ly\" src=\"https:\/\/atlatszo.ro\/ro\/romana\/abel-pe-gazon-fotbalul-secuiesc-infloreste-datorita-guvernului-maghiar\/embed\/#?secret=ls3d07t2fr#?secret=7DtXBpB8XP\" data-secret=\"7DtXBpB8XP\" width=\"500\" height=\"282\" frameborder=\"0\" marginwidth=\"0\" marginheight=\"0\" scrolling=\"no\"><\/iframe>\n<\/div><\/figure>\n\n\n\n<p>Ac\u021bionarul majoritar al companiei este Hodut Rom SRL, filiala din Rom\u00e2nia a societ\u0103\u021bii H\u00f3dmez\u0151v\u00e1s\u00e1rhelyi \u00dat\u00e9p\u00edt\u0151 Kft. Asocia\u021bia din spatele echipei de fotbal, Asocia\u021bia Club Sportiv Sepsi OSK, este ac\u021bionar minoritar \u00een cadrul companiei. (Despre finan\u021b\u0103rile guvernului maghiar din fotbalul Transilv\u0103nean, <a href=\"https:\/\/atlatszo.ro\/ro\/romana\/abel-pe-gazon-fotbalul-secuiesc-infloreste-datorita-guvernului-maghiar\/\" target=\"_blank\" rel=\"noreferrer noopener\">am scris aici<\/a>.)<\/p>\n\n\n\n<h2 class=\"wp-block-heading\">Au terminat Arena Sepsi \u0219i au \u00eenceput renovarea Palatului Sonnenfeld<\/h2>\n\n\n\n<p>Finan\u021barea alocat\u0103 \u00een noiembrie este, cel mai probabil, necesar\u0103 finaliz\u0103rii noului stadion al echipei Sepsi OSK \u0219i amenaj\u0103rii acestuia. Inaugurarea Arenei Sepsi <a href=\"https:\/\/sport.szekelyhon.ro\/labdarugas\/1-liga\/dioszegi-laszlo-elmarad-a-sepsi-osk-stadionavatoja#\" target=\"_blank\" rel=\"noreferrer noopener\">a fost programat\u0103 pentru luna octombrie 2021<\/a>, \u00eens\u0103 aceasta a fost am\u00e2nat\u0103 pentru prim\u0103vara anului 2022 din cauza pandemiei.<\/p>\n\n\n\n<p>Funda\u021bia pentru \u0218coal\u0103, \u00eenfiin\u021bat\u0103 de UDMR, a ob\u021binut 713 milioane de forin\u021bi (2 milioane de euro) pentru dezvoltare imobiliar\u0103. Funda\u021bia are \u00een derulare mai multe investi\u021bii imobiliare \u00een Oradea \u0219i la Cluj. Din decizie nu reiese exact scopul finan\u021b\u0103rii, dar funda\u021bia <a href=\"https:\/\/iskolaalapitvany.ro\/kezdodik-a-nagyvaradi-sonnenfeld-palota-felujitasa-magyar-kulturalis-kozpont-lesz-az-ikonikus-epuletbol\/\" target=\"_blank\" rel=\"noreferrer noopener\">a declarat nu demult<\/a> c\u0103 va \u00eencepe lucr\u0103rile de renovare a Palatului Sonnenfeld din Oradea, achizi\u021bionat \u00een decembrie 2018. Despre investi\u021biile imobiliare ale Funda\u021biei pentru \u0218coal\u0103, <a href=\"https:\/\/atlatszo.ro\/tamogatasok\/ujra-aramlik-a-magyar-kozpenz-az-rmdsz-fele-ingatlanokat-vasarol-az-iskola-alapitvany\/\" target=\"_blank\" rel=\"noreferrer noopener\">am relatat mai multe aici<\/a>.<\/p>\n\n\n\n<p>Printre cele mai consistente finan\u021b\u0103ri \u00een domeniul imobiliar, se num\u0103r\u0103 \u0219i cele pentru Funda\u021bia Traditio Transylvanica care a primit 550 milioane de forin\u021bi (1,5 milioane de euro) pentru reabilitarea vechiului castel din Gil\u0103u al familiei Barcsay. Acest proiect este finan\u021bat, de asemenea, <a href=\"http:\/\/szabadsag.ro\/-\/a-kozosseg-szolgalataba-allitjak-a-gyalui-es-a-sebesvari-kastelyt\" target=\"_blank\" rel=\"noreferrer noopener\">din fonduri europene \u00een valoare de 5 milioane de euro.<\/a><\/p>\n\n\n\n<p>Episcopia Romano-Catolic\u0103 Oradea a ob\u021binut o finan\u021bare de 392 milioane de forin\u021bi (1,1 milioane de euro), suma fiind, cel mai probabil, <a href=\"https:\/\/www.maszol.ro\/index.php\/tarsadalom\/101440-birtokba-vette-nagyvaradon-a-katolikus-egyhaz-a-puspoki-palotat\" target=\"_blank\" rel=\"noreferrer noopener\">necesar\u0103 reabilit\u0103rii palatului episcopal baroc.<\/a><\/p>\n\n\n\n<figure class=\"wp-block-embed is-type-wp-embed is-provider-atlatszo-erdely wp-block-embed-atlatszo-erdely\"><div class=\"wp-block-embed__wrapper\">\n<blockquote class=\"wp-embedded-content\" data-secret=\"BT18f2uOjM\"><a href=\"https:\/\/atlatszo.ro\/tamogatasok\/hataron-tuli-tamogatasok-2021-bethlen-gabor-alap\/\">Hat\u00e1ron t\u00fali t\u00e1mogat\u00e1sok: Budapesten elz\u00e1rt\u00e1k a p\u00e9nzcsapot?<\/a><\/blockquote><iframe class=\"wp-embedded-content\" sandbox=\"allow-scripts\" security=\"restricted\" style=\"position: absolute; clip: rect(1px, 1px, 1px, 1px);\" title=\"&#8222;Hat\u00e1ron t\u00fali t\u00e1mogat\u00e1sok: Budapesten elz\u00e1rt\u00e1k a p\u00e9nzcsapot?&#8221; &#8212; \u00c1tl\u00e1tsz\u00f3 Erd\u00e9ly\" src=\"https:\/\/atlatszo.ro\/tamogatasok\/hataron-tuli-tamogatasok-2021-bethlen-gabor-alap\/embed\/#?secret=K3tH6Xwkb8#?secret=BT18f2uOjM\" data-secret=\"BT18f2uOjM\" width=\"500\" height=\"282\" frameborder=\"0\" marginwidth=\"0\" marginheight=\"0\" scrolling=\"no\"><\/iframe>\n<\/div><\/figure>\n\n\n\n<h2 class=\"wp-block-heading\">Sume mult mai mici pentru marii beneficiari din anii anteriori<\/h2>\n\n\n\n<p>De\u0219i s-a p\u0103strat finan\u021barea pentru educa\u021bie lansat\u0103 \u00een anul 2002 (3 miliarde de forin\u021bi anual pentru Transilvania), respectiv pentru programul regional de importan\u021b\u0103 na\u021bional\u0103 (din care cota pentru Transilvania este de circa 2-300 milioane de forin\u021bi), nu am reu\u0219it s\u0103 identific\u0103m, \u00een decizia din 2021, o serie \u00eentreag\u0103 de programe care au func\u021bionat \u00een anii anteriori. Acestea ar fi programele de \u00eenfr\u0103\u021bire \u00eentre localit\u0103\u021bi, programele de tineret \u0219i pentru cerceta\u0219i, programul Hat\u00e1rtalanul! \u0219i finan\u021b\u0103rile pentru diaspor\u0103.<\/p>\n\n\n\n<p>Diminuarea finan\u021b\u0103rilor este \u0219i mai evident\u0103 dac\u0103 compar\u0103m sumele de bani primite \u00een 2021 de marii beneficiari din Transilvania din anul 2020. Este important s\u0103 men\u021bion\u0103m c\u0103 suma de 129 miliarde de forin\u021bi de acum doi ani a reprezentat un record de finan\u021bare: a fost un an deosebit \u00een ceea ce prive\u0219te finan\u021b\u0103rile care crescuser\u0103 de la un an la altul.<\/p>\n\n\n\n<p>De exemplu, \u00een 2020, Funda\u021biei Sapientia, prin intermediul c\u0103reia func\u021bioneaz\u0103 Universitatea Sapientia, i s-a alocat suma total\u0103 de 8,5 miliarde de forin\u021bi (24 milioane de euro); \u00een 2021, \u00eens\u0103, aceasta nu a ob\u021binut finan\u021bare. Eparhia Reformat\u0103 din Transilvania (ERT) a beneficiat acum doi ani de finan\u021b\u0103ri \u00een valoare de 13 miliarde de forin\u021bi (37 milioane de euro); fa\u021b\u0103 de aceast\u0103 sum\u0103, \u00een anul 2021, acesteia i s-au alocat doar 735 milioane de forin\u021bi (2 milioane de euro) pentru casa de b\u0103tr\u00e2ni din localitatea Aiton, de l\u00e2ng\u0103 Cluj, respectiv <a href=\"https:\/\/www.nepujsag.ro\/articles\/visszakoeltoeztek-az-esperesi-hivatalok\" target=\"_blank\" rel=\"noreferrer noopener\">pentru reabilitarea casei Teleki din T\u00e2rgu Mure\u0219.<\/a><\/p>\n\n\n\n<p>Funda\u021bia pentru \u0218coal\u0103 a c\u00e2\u0219tigat, din diverse proiecte, suma de aproape 2 miliarde de forin\u021bi (5,6 milioane de euro) \u00een anul 2020. Prin compara\u021bie, suma de 713 milioane de anul trecut este considerabil mai redus\u0103. Clubul de fotbal din Miercurea Ciuc (Asocia\u021bia Futball Klub Miercurea Ciuc) a beneficiat acum doi ani de 2,7 miliarde de forin\u021bi (7,6 milioane de euro), suma diminu\u00e2ndu-se \u00een 2021 la 141 milioane de forin\u021bi (400.000 euro).<\/p>\n\n\n\n<script id=\"infogram_0_a8d80b8a-b264-4b9d-bd9a-b5492d92b21c\" title=\"Fondul Bethlen G\u00e1bor - marii c\u00e2\u0219tig\u0103tori din Transilvania\" src=\"https:\/\/e.infogram.com\/js\/dist\/embed.js?tEW\" type=\"text\/javascript\"><\/script>\n\n\n\n<h2 class=\"wp-block-heading\">Trustul de pres\u0103 din Secuime este singurul care a ob\u021binut mai mul\u021bi bani<\/h2>\n\n\n\n<p>Singurul beneficiar care a ob\u021binut o finan\u021bare semnificativ mai consistent\u0103 anul trecut este Asocia\u021bia pentru Spa\u021biul Media Transilvan: suma de 2,2 miliarde de forin\u021bi din 2021 este considerabil mai mare, dec\u00e2t suma de 1,8 miliarde care i s-a alocat \u00een 2020.<\/p>\n\n\n\n<p>\u201eP\u00e2n\u0103 acum, suma final\u0103 a finan\u021b\u0103rilor cre\u0219tea considerabil la sf\u00e2r\u0219it de an, \u00eens\u0103 acest lucru nu s-a materializat din cauza deficitului bugetar excesiv. \u00cen\u021belegerea este c\u0103 nu se vor lansa proiecte mari de construc\u021bii noi, \u00eens\u0103, pentru proiectele \u00een curs de derulare, se vor completa sumele necesare finaliz\u0103rii, compens\u00e2nd majorarea pre\u021burilor din construc\u021bii\u201d \u2013 ne-a explicat un politician care are acces la informa\u021bii privind finan\u021b\u0103rile de peste hotare.<\/p>\n\n\n\n<p>Am contactat directorul executiv al Fondului Bethlen G\u00e1bor, Erd\u00e9lyi Rudolf Zal\u00e1n pentru o serie de l\u0103muriri. Am fi dorit s\u0103 afl\u0103m motivul diminu\u0103rii at\u00e2t de semnificative a finan\u021b\u0103rilor.<\/p>\n\n\n\n<p>Care este motivul pentru care, de\u0219i au fost finan\u021bate mult mai pu\u021bine investi\u021bii imobiliare anul trecut, totu\u0219i Asocia\u021bia pentru Spa\u021biul Media Transilvan a ob\u021binut o finan\u021bare-record de 2,2 miliarde de forin\u021bi?<\/p>\n\n\n\n<p>Respectiv, care sunt previziunile pentru anul 2022: nivelul finan\u021b\u0103rilor va fi similar fa\u021b\u0103 de anul trecut sau se preconizeaz\u0103 din nou o cre\u0219tere? \u00cens\u0103 solicitarea noastr\u0103 a r\u0103mas f\u0103r\u0103 r\u0103spuns.<\/p>\n\n\n\n<h2 class=\"wp-block-heading\">Cum am calculat?<\/h2>\n\n\n\n<p>Cu toate c\u0103 mai mul\u021bi actori ai aparatului de stat din Ungaria sprijin\u0103 organiza\u021bii de peste hotare, nu exist\u0103 o centralizare la zi, transparent\u0103, a acestor finan\u021b\u0103ri. Printre sursele de finan\u021bare existente, cea mai important\u0103 este Fondul Bethlen G\u00e1bor (BGA), prin intermediul c\u0103ruia guvernul finan\u021beaz\u0103 realizarea obiectivelor sale de politic\u0103 na\u021bional\u0103.<\/p>\n\n\n\n<p>Comisia BGA este cea care decide care sunt proiectele c\u00e2\u0219tig\u0103toare. Noi am centralizat aceste decizii, iar sumele care figureaz\u0103 \u00een articol se bazeaz\u0103 pe aceste decizii. Pe site-ul BGA exist\u0103, de asemenea, o baz\u0103 de date care <a href=\"https:\/\/adattar.bgazrt.hu\/adattar\/public\/tamogatasok.xhtml;jsessionid=F8LH-FRYhB2UrKEMWtISglVA.node1\" target=\"_blank\" rel=\"noreferrer noopener\">con\u021bine pl\u0103\u021bile efectuate<\/a>.<\/p>\n\n\n\n<p>Dificultatea analizei noastre a fost reprezentat\u0103 de faptul c\u0103, \u00een ultimii ani, Comisia a modificat ulterior, \u00een mai multe r\u00e2nduri, sumele alocate prin deciziile din anii anteriori.<\/p>\n\n\n\n<p>\u00centruc\u00e2t BGA nu a publicat un ghid despre modul de calcul al acestor modific\u0103ri ulterioare, respectiv nu ne-a r\u0103spuns la \u00eentreb\u0103rile legate de acesta, am decis s\u0103 lu\u0103m \u00een considerare hot\u0103r\u00e2rile originale \u0219i s\u0103 facem calculele pe baza acestora.<\/p>\n\n\n\n<p>De asemenea, nu suntem siguri c\u0103 deciziile referitoare la un anumit an acoper\u0103 \u00eentreaga sum\u0103 virat\u0103. E posibil ca sumele dintr-o anumit\u0103 decizie s\u0103 fie virate, par\u021bial, \u00eentr-un an ulterior, de aceea diminuarea sumelor din decizii probabil nu au afectat drastic pl\u0103\u021bile c\u0103tre beneficiari \u00een anul 2022.<\/p>\n\n\n\n<p><em>Traducere: Sz\u00e1sz Auguszta<\/em><\/p>\n\n\n\n<p><em>Foto prima pagin\u0103: prim-ministrul ungar Viktor Orb\u00e1n \u00ee\u0219i face un selfie undeva \u00een Secuime \u00een luna mai 2019. Sursa foto: pagina Facebook al Kelemen Hunor<\/em><\/p>\n\n\n\n<p><em>Acest material face parte din proiectul de monitorizare al alegerilor parlamentare din aprilie 2022 din Ungaria. Proiectul a fost finan\u021bat \u00een parte de c\u0103tre <a href=\"https:\/\/www.investigativejournalismforeu.net\/\" target=\"_blank\" rel=\"noreferrer noopener\">Investigative Journalism Europe (IJ4EU)<\/a> respectiv printr-un grant al Departamentului de Stat al S.U.A. Opiniile, constat\u0103rile \u015fi concluziile prezentate \u00een aceast\u0103 lucrare sunt ale autorului\/autorilor \u015fi nu le reflect\u0103 neap\u0103rat pe cele ale Departamentului de Stat al S.U.A.<\/em><\/p>\n\n\n\n<figure class=\"wp-block-image size-full\"><img loading=\"lazy\" decoding=\"async\" width=\"589\" height=\"266\" src=\"https:\/\/atlatszo.ro\/wp-content\/uploads\/2022\/02\/usa_ij4eu.jpg\" alt=\"\" class=\"wp-image-36154\" srcset=\"https:\/\/prod2.atlatszo.exot.hu\/wp-content\/uploads\/2022\/02\/usa_ij4eu.jpg 589w, https:\/\/prod2.atlatszo.exot.hu\/wp-content\/uploads\/2022\/02\/usa_ij4eu-300x135.jpg 300w\" sizes=\"(max-width: 589px) 100vw, 589px\" \/><\/figure>\n","protected":false},"excerpt":{"rendered":"<p>\u00cen 2021, Fondul Bethlen G\u00e1bor a alocat semnificativ mai pu\u021bini bani organiza\u021biilor din afara Ungariei, fa\u021b\u0103 de anii anteriori. \u00cen Transilvania, aproape c\u0103 nu mai exist\u0103 finan\u021b\u0103ri de ordinul miliardelor de forin\u021bi; investi\u021biile imobiliare \u00eencepute \u00een trecut se vor \u00eencheia, \u00eens\u0103 investi\u021bii noi abia dac\u0103 sunt efectuate.<\/p>\n","protected":false},"author":7,"featured_media":36148,"comment_status":"closed","ping_status":"open","sticky":false,"template":"","format":"standard","meta":{"footnotes":""},"categories":[25],"tags":[3063,3068,1176,3062,3067,3066,3069,3059,991,3060,3065,3064,997,1310,982,1000],"ppma_author":[2992],"yoast_head":"<!-- This site is optimized with the Yoast SEO plugin v21.5 - https:\/\/yoast.com\/wordpress\/plugins\/seo\/ -->\n<title>Finan\u021b\u0103ri de peste hotare: s-a \u00eenchis robinetul cu bani la Budapesta? - \u00c1tl\u00e1tsz\u00f3 Erd\u00e9ly<\/title>\n<meta name=\"description\" content=\"\u00cen 2021, Fondul Bethlen G\u00e1bor a alocat semnificativ mai pu\u021bini bani organiza\u021biilor din afara Ungariei, fa\u021b\u0103 de anii anteriori. \u00cen Transilvania, aproape c\u0103 nu mai exist\u0103 finan\u021b\u0103ri de ordinul miliardelor de forin\u021bi; investi\u021biile imobiliare \u00eencepute \u00een trecut se vor \u00eencheia, \u00eens\u0103 investi\u021bii noi abia dac\u0103 sunt efectuate.\" \/>\n<meta name=\"robots\" content=\"index, follow, max-snippet:-1, max-image-preview:large, max-video-preview:-1\" \/>\n<link rel=\"canonical\" href=\"https:\/\/atlatszo.ro\/ro\/romana\/finantari-de-peste-hotare-s-a-inchis-robinetul-cu-bani-la-budapesta\/\" \/>\n<meta property=\"og:locale\" content=\"ro_RO\" \/>\n<meta property=\"og:type\" content=\"article\" \/>\n<meta property=\"og:title\" content=\"Finan\u021b\u0103ri de peste hotare: s-a \u00eenchis robinetul cu bani la Budapesta? - \u00c1tl\u00e1tsz\u00f3 Erd\u00e9ly\" \/>\n<meta property=\"og:description\" content=\"\u00cen 2021, Fondul Bethlen G\u00e1bor a alocat semnificativ mai pu\u021bini bani organiza\u021biilor din afara Ungariei, fa\u021b\u0103 de anii anteriori. \u00cen Transilvania, aproape c\u0103 nu mai exist\u0103 finan\u021b\u0103ri de ordinul miliardelor de forin\u021bi; investi\u021biile imobiliare \u00eencepute \u00een trecut se vor \u00eencheia, \u00eens\u0103 investi\u021bii noi abia dac\u0103 sunt efectuate.\" \/>\n<meta property=\"og:url\" content=\"https:\/\/atlatszo.ro\/ro\/romana\/finantari-de-peste-hotare-s-a-inchis-robinetul-cu-bani-la-budapesta\/\" \/>\n<meta property=\"og:site_name\" content=\"\u00c1tl\u00e1tsz\u00f3 Erd\u00e9ly\" \/>\n<meta property=\"article:publisher\" content=\"https:\/\/www.facebook.com\/atlatszoerdely\/\" \/>\n<meta property=\"article:published_time\" content=\"2022-07-04T15:03:45+00:00\" \/>\n<meta property=\"article:modified_time\" content=\"2022-07-06T11:45:24+00:00\" \/>\n<meta property=\"og:image\" content=\"https:\/\/atlatszo.ro\/wp-content\/uploads\/2022\/02\/szelfi_ki.jpg\" \/>\n\t<meta property=\"og:image:width\" content=\"1200\" \/>\n\t<meta property=\"og:image:height\" content=\"716\" \/>\n\t<meta property=\"og:image:type\" content=\"image\/jpeg\" \/>\n<meta name=\"author\" content=\"Sipos Zolt\u00e1n\" \/>\n<meta name=\"twitter:card\" content=\"summary_large_image\" \/>\n<meta name=\"twitter:creator\" content=\"@erdely_atlatszo\" \/>\n<meta name=\"twitter:site\" content=\"@erdely_atlatszo\" \/>\n<meta name=\"twitter:label1\" content=\"Scris de\" \/>\n\t<meta name=\"twitter:data1\" content=\"Sipos Zolt\u00e1n\" \/>\n\t<meta name=\"twitter:label2\" content=\"Timp estimat pentru citire\" \/>\n\t<meta name=\"twitter:data2\" content=\"7 minute\" \/>\n<script type=\"application\/ld+json\" class=\"yoast-schema-graph\">{\"@context\":\"https:\/\/schema.org\",\"@graph\":[{\"@type\":\"Article\",\"@id\":\"https:\/\/atlatszo.ro\/ro\/romana\/finantari-de-peste-hotare-s-a-inchis-robinetul-cu-bani-la-budapesta\/#article\",\"isPartOf\":{\"@id\":\"https:\/\/atlatszo.ro\/ro\/romana\/finantari-de-peste-hotare-s-a-inchis-robinetul-cu-bani-la-budapesta\/\"},\"author\":{\"name\":\"Sipos Zolt\u00e1n\",\"@id\":\"https:\/\/prod2.atlatszo.exot.hu\/en\/#\/schema\/person\/ee224e1443a0476a9a599098fac5507f\"},\"headline\":\"Finan\u021b\u0103ri de peste hotare: s-a \u00eenchis robinetul cu bani la Budapesta?\",\"datePublished\":\"2022-07-04T15:03:45+00:00\",\"dateModified\":\"2022-07-06T11:45:24+00:00\",\"mainEntityOfPage\":{\"@id\":\"https:\/\/atlatszo.ro\/ro\/romana\/finantari-de-peste-hotare-s-a-inchis-robinetul-cu-bani-la-budapesta\/\"},\"wordCount\":1572,\"publisher\":{\"@id\":\"https:\/\/prod2.atlatszo.exot.hu\/en\/#organization\"},\"keywords\":[\"Arena Sepsi\",\"Asocia\u021bia Futball Klub Miercurea Ciuc\",\"Asocia\u0163ia Pentru Spa\u0163iul Media Transilvan\",\"Asocia\u021bia V\u00e1rb\u00e1stya-Bastion\",\"Eparhia Reformat\u0103 din Transilvania\",\"Episcopia Romano-Catolic\u0103 Oradea\",\"Erd\u00e9lyi Rudolf Zal\u00e1n\",\"finan\u021b\u0103ri\",\"Fondul Bethlen G\u00e1bor\",\"Funda\u021bia pentru \u0218coal\u0103\",\"Funda\u021bia Traditio Transylvanica\",\"Palatul Sonnenfeld\",\"Sepsi OSK SA\",\"UDMR\",\"Universitatea Sapientia\",\"Viktor Orb\u00e1n\"],\"articleSection\":[\"Rom\u00e2n\u0103\"],\"inLanguage\":\"ro-RO\"},{\"@type\":\"WebPage\",\"@id\":\"https:\/\/atlatszo.ro\/ro\/romana\/finantari-de-peste-hotare-s-a-inchis-robinetul-cu-bani-la-budapesta\/\",\"url\":\"https:\/\/atlatszo.ro\/ro\/romana\/finantari-de-peste-hotare-s-a-inchis-robinetul-cu-bani-la-budapesta\/\",\"name\":\"Finan\u021b\u0103ri de peste hotare: s-a \u00eenchis robinetul cu bani la Budapesta? - \u00c1tl\u00e1tsz\u00f3 Erd\u00e9ly\",\"isPartOf\":{\"@id\":\"https:\/\/prod2.atlatszo.exot.hu\/en\/#website\"},\"datePublished\":\"2022-07-04T15:03:45+00:00\",\"dateModified\":\"2022-07-06T11:45:24+00:00\",\"description\":\"\u00cen 2021, Fondul Bethlen G\u00e1bor a alocat semnificativ mai pu\u021bini bani organiza\u021biilor din afara Ungariei, fa\u021b\u0103 de anii anteriori. \u00cen Transilvania, aproape c\u0103 nu mai exist\u0103 finan\u021b\u0103ri de ordinul miliardelor de forin\u021bi; investi\u021biile imobiliare \u00eencepute \u00een trecut se vor \u00eencheia, \u00eens\u0103 investi\u021bii noi abia dac\u0103 sunt efectuate.\",\"breadcrumb\":{\"@id\":\"https:\/\/atlatszo.ro\/ro\/romana\/finantari-de-peste-hotare-s-a-inchis-robinetul-cu-bani-la-budapesta\/#breadcrumb\"},\"inLanguage\":\"ro-RO\",\"potentialAction\":[{\"@type\":\"ReadAction\",\"target\":[\"https:\/\/atlatszo.ro\/ro\/romana\/finantari-de-peste-hotare-s-a-inchis-robinetul-cu-bani-la-budapesta\/\"]}]},{\"@type\":\"BreadcrumbList\",\"@id\":\"https:\/\/atlatszo.ro\/ro\/romana\/finantari-de-peste-hotare-s-a-inchis-robinetul-cu-bani-la-budapesta\/#breadcrumb\",\"itemListElement\":[{\"@type\":\"ListItem\",\"position\":1,\"name\":\"Home\",\"item\":\"https:\/\/atlatszo.ro\/ro\/\"},{\"@type\":\"ListItem\",\"position\":2,\"name\":\"Finan\u021b\u0103ri de peste hotare: s-a \u00eenchis robinetul cu bani la Budapesta?\"}]},{\"@type\":\"WebSite\",\"@id\":\"https:\/\/prod2.atlatszo.exot.hu\/en\/#website\",\"url\":\"https:\/\/prod2.atlatszo.exot.hu\/en\/\",\"name\":\"\u00c1tl\u00e1tsz\u00f3 Erd\u00e9ly\",\"description\":\"\u00c1tl\u00e1tsz\u00f3 Erd\u00e9ly\",\"publisher\":{\"@id\":\"https:\/\/prod2.atlatszo.exot.hu\/en\/#organization\"},\"potentialAction\":[{\"@type\":\"SearchAction\",\"target\":{\"@type\":\"EntryPoint\",\"urlTemplate\":\"https:\/\/prod2.atlatszo.exot.hu\/en\/?s={search_term_string}\"},\"query-input\":\"required name=search_term_string\"}],\"inLanguage\":\"ro-RO\"},{\"@type\":\"Organization\",\"@id\":\"https:\/\/prod2.atlatszo.exot.hu\/en\/#organization\",\"name\":\"\u00c1tl\u00e1tsz\u00f3 Erd\u00e9ly\",\"url\":\"https:\/\/prod2.atlatszo.exot.hu\/en\/\",\"logo\":{\"@type\":\"ImageObject\",\"inLanguage\":\"ro-RO\",\"@id\":\"https:\/\/prod2.atlatszo.exot.hu\/en\/#\/schema\/logo\/image\/\",\"url\":\"https:\/\/atlatszo.ro\/wp-content\/uploads\/2022\/06\/logo-atlatszo.png\",\"contentUrl\":\"https:\/\/atlatszo.ro\/wp-content\/uploads\/2022\/06\/logo-atlatszo.png\",\"width\":270,\"height\":104,\"caption\":\"\u00c1tl\u00e1tsz\u00f3 Erd\u00e9ly\"},\"image\":{\"@id\":\"https:\/\/prod2.atlatszo.exot.hu\/en\/#\/schema\/logo\/image\/\"},\"sameAs\":[\"https:\/\/www.facebook.com\/atlatszoerdely\/\",\"https:\/\/twitter.com\/erdely_atlatszo\",\"https:\/\/www.instagram.com\/atlatszo_erdely\/\",\"https:\/\/www.youtube.com\/channel\/UC6lunfqCrLA0aDAjt1--TKg\"]},{\"@type\":\"Person\",\"@id\":\"https:\/\/prod2.atlatszo.exot.hu\/en\/#\/schema\/person\/ee224e1443a0476a9a599098fac5507f\",\"name\":\"Sipos Zolt\u00e1n\",\"image\":{\"@type\":\"ImageObject\",\"inLanguage\":\"ro-RO\",\"@id\":\"https:\/\/prod2.atlatszo.exot.hu\/en\/#\/schema\/person\/image\/909ca0eb7008220cb3a9c5919c7e2236\",\"url\":\"https:\/\/prod2.atlatszo.exot.hu\/wp-content\/uploads\/2025\/02\/sipi.jpg\",\"contentUrl\":\"https:\/\/prod2.atlatszo.exot.hu\/wp-content\/uploads\/2025\/02\/sipi.jpg\",\"caption\":\"Sipos Zolt\u00e1n\"},\"description\":\"1980-ban sz\u00fclettem Kolozsv\u00e1ron. Az \u00c1tl\u00e1tsz\u00f3 Erd\u00e9ly egyik alap\u00edt\u00f3ja, jelenleg f\u0151szerkeszt\u0151je \u00e9s egyben kiad\u00f3ja is vagyok. Alapk\u00e9pz\u00e9sen filoz\u00f3fi\u00e1t tanultam, majd szociol\u00f3gia mesterit v\u00e9geztem a Babe\u0219-Bolyai Tudom\u00e1nyegyetemen. 2001-t\u0151l 2014-ig a Transindex.ro internetes port\u00e1ln\u00e1l dolgoztam. T\u00e9m\u00e1im: a magyar korm\u00e1ny hat\u00e1ron t\u00fali t\u00e1mogat\u00e1sai \u00e9s erd\u00e9lyi befoly\u00e1s\u00e9p\u00edt\u00e9se, az erd\u00e9lyi magyar p\u00e1rtok finansz\u00edroz\u00e1sa, politikai \u00e9s \u00fczleti \u00f6sszefon\u00f3d\u00e1sok, k\u00f6z\u00e9leti szem\u00e9lyis\u00e9gek egy\u00fcttm\u0171k\u00f6d\u00e9se a volt kommunista titkosszolg\u00e1lattal, k\u00f6rnyezetszennyez\u0151 nagyberuh\u00e1z\u00e1sok, kisk\u00f6z\u00f6ss\u00e9gek hatalmi viszonyai.\",\"url\":\"https:\/\/prod2.atlatszo.exot.hu\/ro\/author\/siposzoltan\/\"}]}<\/script>\n<!-- \/ Yoast SEO plugin. -->","yoast_head_json":{"title":"Finan\u021b\u0103ri de peste hotare: s-a \u00eenchis robinetul cu bani la Budapesta? - \u00c1tl\u00e1tsz\u00f3 Erd\u00e9ly","description":"\u00cen 2021, Fondul Bethlen G\u00e1bor a alocat semnificativ mai pu\u021bini bani organiza\u021biilor din afara Ungariei, fa\u021b\u0103 de anii anteriori. \u00cen Transilvania, aproape c\u0103 nu mai exist\u0103 finan\u021b\u0103ri de ordinul miliardelor de forin\u021bi; investi\u021biile imobiliare \u00eencepute \u00een trecut se vor \u00eencheia, \u00eens\u0103 investi\u021bii noi abia dac\u0103 sunt efectuate.","robots":{"index":"index","follow":"follow","max-snippet":"max-snippet:-1","max-image-preview":"max-image-preview:large","max-video-preview":"max-video-preview:-1"},"canonical":"https:\/\/atlatszo.ro\/ro\/romana\/finantari-de-peste-hotare-s-a-inchis-robinetul-cu-bani-la-budapesta\/","og_locale":"ro_RO","og_type":"article","og_title":"Finan\u021b\u0103ri de peste hotare: s-a \u00eenchis robinetul cu bani la Budapesta? - \u00c1tl\u00e1tsz\u00f3 Erd\u00e9ly","og_description":"\u00cen 2021, Fondul Bethlen G\u00e1bor a alocat semnificativ mai pu\u021bini bani organiza\u021biilor din afara Ungariei, fa\u021b\u0103 de anii anteriori. \u00cen Transilvania, aproape c\u0103 nu mai exist\u0103 finan\u021b\u0103ri de ordinul miliardelor de forin\u021bi; investi\u021biile imobiliare \u00eencepute \u00een trecut se vor \u00eencheia, \u00eens\u0103 investi\u021bii noi abia dac\u0103 sunt efectuate.","og_url":"https:\/\/atlatszo.ro\/ro\/romana\/finantari-de-peste-hotare-s-a-inchis-robinetul-cu-bani-la-budapesta\/","og_site_name":"\u00c1tl\u00e1tsz\u00f3 Erd\u00e9ly","article_publisher":"https:\/\/www.facebook.com\/atlatszoerdely\/","article_published_time":"2022-07-04T15:03:45+00:00","article_modified_time":"2022-07-06T11:45:24+00:00","og_image":[{"width":1200,"height":716,"url":"https:\/\/atlatszo.ro\/wp-content\/uploads\/2022\/02\/szelfi_ki.jpg","type":"image\/jpeg"}],"author":"Sipos Zolt\u00e1n","twitter_card":"summary_large_image","twitter_creator":"@erdely_atlatszo","twitter_site":"@erdely_atlatszo","twitter_misc":{"Scris de":"Sipos Zolt\u00e1n","Timp estimat pentru citire":"7 minute"},"schema":{"@context":"https:\/\/schema.org","@graph":[{"@type":"Article","@id":"https:\/\/atlatszo.ro\/ro\/romana\/finantari-de-peste-hotare-s-a-inchis-robinetul-cu-bani-la-budapesta\/#article","isPartOf":{"@id":"https:\/\/atlatszo.ro\/ro\/romana\/finantari-de-peste-hotare-s-a-inchis-robinetul-cu-bani-la-budapesta\/"},"author":{"name":"Sipos Zolt\u00e1n","@id":"https:\/\/prod2.atlatszo.exot.hu\/en\/#\/schema\/person\/ee224e1443a0476a9a599098fac5507f"},"headline":"Finan\u021b\u0103ri de peste hotare: s-a \u00eenchis robinetul cu bani la Budapesta?","datePublished":"2022-07-04T15:03:45+00:00","dateModified":"2022-07-06T11:45:24+00:00","mainEntityOfPage":{"@id":"https:\/\/atlatszo.ro\/ro\/romana\/finantari-de-peste-hotare-s-a-inchis-robinetul-cu-bani-la-budapesta\/"},"wordCount":1572,"publisher":{"@id":"https:\/\/prod2.atlatszo.exot.hu\/en\/#organization"},"keywords":["Arena Sepsi","Asocia\u021bia Futball Klub Miercurea Ciuc","Asocia\u0163ia Pentru Spa\u0163iul Media Transilvan","Asocia\u021bia V\u00e1rb\u00e1stya-Bastion","Eparhia Reformat\u0103 din Transilvania","Episcopia Romano-Catolic\u0103 Oradea","Erd\u00e9lyi Rudolf Zal\u00e1n","finan\u021b\u0103ri","Fondul Bethlen G\u00e1bor","Funda\u021bia pentru \u0218coal\u0103","Funda\u021bia Traditio Transylvanica","Palatul Sonnenfeld","Sepsi OSK SA","UDMR","Universitatea Sapientia","Viktor Orb\u00e1n"],"articleSection":["Rom\u00e2n\u0103"],"inLanguage":"ro-RO"},{"@type":"WebPage","@id":"https:\/\/atlatszo.ro\/ro\/romana\/finantari-de-peste-hotare-s-a-inchis-robinetul-cu-bani-la-budapesta\/","url":"https:\/\/atlatszo.ro\/ro\/romana\/finantari-de-peste-hotare-s-a-inchis-robinetul-cu-bani-la-budapesta\/","name":"Finan\u021b\u0103ri de peste hotare: s-a \u00eenchis robinetul cu bani la Budapesta? - \u00c1tl\u00e1tsz\u00f3 Erd\u00e9ly","isPartOf":{"@id":"https:\/\/prod2.atlatszo.exot.hu\/en\/#website"},"datePublished":"2022-07-04T15:03:45+00:00","dateModified":"2022-07-06T11:45:24+00:00","description":"\u00cen 2021, Fondul Bethlen G\u00e1bor a alocat semnificativ mai pu\u021bini bani organiza\u021biilor din afara Ungariei, fa\u021b\u0103 de anii anteriori. \u00cen Transilvania, aproape c\u0103 nu mai exist\u0103 finan\u021b\u0103ri de ordinul miliardelor de forin\u021bi; investi\u021biile imobiliare \u00eencepute \u00een trecut se vor \u00eencheia, \u00eens\u0103 investi\u021bii noi abia dac\u0103 sunt efectuate.","breadcrumb":{"@id":"https:\/\/atlatszo.ro\/ro\/romana\/finantari-de-peste-hotare-s-a-inchis-robinetul-cu-bani-la-budapesta\/#breadcrumb"},"inLanguage":"ro-RO","potentialAction":[{"@type":"ReadAction","target":["https:\/\/atlatszo.ro\/ro\/romana\/finantari-de-peste-hotare-s-a-inchis-robinetul-cu-bani-la-budapesta\/"]}]},{"@type":"BreadcrumbList","@id":"https:\/\/atlatszo.ro\/ro\/romana\/finantari-de-peste-hotare-s-a-inchis-robinetul-cu-bani-la-budapesta\/#breadcrumb","itemListElement":[{"@type":"ListItem","position":1,"name":"Home","item":"https:\/\/atlatszo.ro\/ro\/"},{"@type":"ListItem","position":2,"name":"Finan\u021b\u0103ri de peste hotare: s-a \u00eenchis robinetul cu bani la Budapesta?"}]},{"@type":"WebSite","@id":"https:\/\/prod2.atlatszo.exot.hu\/en\/#website","url":"https:\/\/prod2.atlatszo.exot.hu\/en\/","name":"\u00c1tl\u00e1tsz\u00f3 Erd\u00e9ly","description":"\u00c1tl\u00e1tsz\u00f3 Erd\u00e9ly","publisher":{"@id":"https:\/\/prod2.atlatszo.exot.hu\/en\/#organization"},"potentialAction":[{"@type":"SearchAction","target":{"@type":"EntryPoint","urlTemplate":"https:\/\/prod2.atlatszo.exot.hu\/en\/?s={search_term_string}"},"query-input":"required name=search_term_string"}],"inLanguage":"ro-RO"},{"@type":"Organization","@id":"https:\/\/prod2.atlatszo.exot.hu\/en\/#organization","name":"\u00c1tl\u00e1tsz\u00f3 Erd\u00e9ly","url":"https:\/\/prod2.atlatszo.exot.hu\/en\/","logo":{"@type":"ImageObject","inLanguage":"ro-RO","@id":"https:\/\/prod2.atlatszo.exot.hu\/en\/#\/schema\/logo\/image\/","url":"https:\/\/atlatszo.ro\/wp-content\/uploads\/2022\/06\/logo-atlatszo.png","contentUrl":"https:\/\/atlatszo.ro\/wp-content\/uploads\/2022\/06\/logo-atlatszo.png","width":270,"height":104,"caption":"\u00c1tl\u00e1tsz\u00f3 Erd\u00e9ly"},"image":{"@id":"https:\/\/prod2.atlatszo.exot.hu\/en\/#\/schema\/logo\/image\/"},"sameAs":["https:\/\/www.facebook.com\/atlatszoerdely\/","https:\/\/twitter.com\/erdely_atlatszo","https:\/\/www.instagram.com\/atlatszo_erdely\/","https:\/\/www.youtube.com\/channel\/UC6lunfqCrLA0aDAjt1--TKg"]},{"@type":"Person","@id":"https:\/\/prod2.atlatszo.exot.hu\/en\/#\/schema\/person\/ee224e1443a0476a9a599098fac5507f","name":"Sipos Zolt\u00e1n","image":{"@type":"ImageObject","inLanguage":"ro-RO","@id":"https:\/\/prod2.atlatszo.exot.hu\/en\/#\/schema\/person\/image\/909ca0eb7008220cb3a9c5919c7e2236","url":"https:\/\/prod2.atlatszo.exot.hu\/wp-content\/uploads\/2025\/02\/sipi.jpg","contentUrl":"https:\/\/prod2.atlatszo.exot.hu\/wp-content\/uploads\/2025\/02\/sipi.jpg","caption":"Sipos Zolt\u00e1n"},"description":"1980-ban sz\u00fclettem Kolozsv\u00e1ron. Az \u00c1tl\u00e1tsz\u00f3 Erd\u00e9ly egyik alap\u00edt\u00f3ja, jelenleg f\u0151szerkeszt\u0151je \u00e9s egyben kiad\u00f3ja is vagyok. Alapk\u00e9pz\u00e9sen filoz\u00f3fi\u00e1t tanultam, majd szociol\u00f3gia mesterit v\u00e9geztem a Babe\u0219-Bolyai Tudom\u00e1nyegyetemen. 2001-t\u0151l 2014-ig a Transindex.ro internetes port\u00e1ln\u00e1l dolgoztam. T\u00e9m\u00e1im: a magyar korm\u00e1ny hat\u00e1ron t\u00fali t\u00e1mogat\u00e1sai \u00e9s erd\u00e9lyi befoly\u00e1s\u00e9p\u00edt\u00e9se, az erd\u00e9lyi magyar p\u00e1rtok finansz\u00edroz\u00e1sa, politikai \u00e9s \u00fczleti \u00f6sszefon\u00f3d\u00e1sok, k\u00f6z\u00e9leti szem\u00e9lyis\u00e9gek egy\u00fcttm\u0171k\u00f6d\u00e9se a volt kommunista titkosszolg\u00e1lattal, k\u00f6rnyezetszennyez\u0151 nagyberuh\u00e1z\u00e1sok, kisk\u00f6z\u00f6ss\u00e9gek hatalmi viszonyai.","url":"https:\/\/prod2.atlatszo.exot.hu\/ro\/author\/siposzoltan\/"}]}},"authors":[{"term_id":2992,"user_id":7,"is_guest":0,"slug":"siposzoltan","display_name":"Sipos Zolt\u00e1n","avatar_url":{"url":"https:\/\/prod2.atlatszo.exot.hu\/wp-content\/uploads\/2025\/02\/sipi.jpg","url2x":"https:\/\/prod2.atlatszo.exot.hu\/wp-content\/uploads\/2025\/02\/sipi.jpg"},"user_url":"","last_name":"Sipos","first_name":"Zolt\u00e1n","description":"1980-ban sz\u00fclettem Kolozsv\u00e1ron. Az \u00c1tl\u00e1tsz\u00f3 Erd\u00e9ly egyik alap\u00edt\u00f3ja, jelenleg f\u0151szerkeszt\u0151je \u00e9s egyben kiad\u00f3ja is vagyok. Alapk\u00e9pz\u00e9sen filoz\u00f3fi\u00e1t tanultam, majd szociol\u00f3gia mesterit v\u00e9geztem a Babe\u0219-Bolyai Tudom\u00e1nyegyetemen. 2001-t\u0151l 2014-ig a <a href=\"http:\/\/transindex.ro\/\" target=\"_blank\">Transindex.ro<\/a> internetes port\u00e1ln\u00e1l dolgoztam.\r\n\r\nT\u00e9m\u00e1im: a magyar korm\u00e1ny hat\u00e1ron t\u00fali t\u00e1mogat\u00e1sai \u00e9s erd\u00e9lyi befoly\u00e1s\u00e9p\u00edt\u00e9se, az erd\u00e9lyi magyar p\u00e1rtok finansz\u00edroz\u00e1sa, politikai \u00e9s \u00fczleti \u00f6sszefon\u00f3d\u00e1sok, k\u00f6z\u00e9leti szem\u00e9lyis\u00e9gek egy\u00fcttm\u0171k\u00f6d\u00e9se a volt kommunista titkosszolg\u00e1lattal, k\u00f6rnyezetszennyez\u0151 nagyberuh\u00e1z\u00e1sok, kisk\u00f6z\u00f6ss\u00e9gek hatalmi viszonyai."}],"_links":{"self":[{"href":"https:\/\/prod2.atlatszo.exot.hu\/ro\/wp-json\/wp\/v2\/posts\/38934"}],"collection":[{"href":"https:\/\/prod2.atlatszo.exot.hu\/ro\/wp-json\/wp\/v2\/posts"}],"about":[{"href":"https:\/\/prod2.atlatszo.exot.hu\/ro\/wp-json\/wp\/v2\/types\/post"}],"author":[{"embeddable":true,"href":"https:\/\/prod2.atlatszo.exot.hu\/ro\/wp-json\/wp\/v2\/users\/7"}],"replies":[{"embeddable":true,"href":"https:\/\/prod2.atlatszo.exot.hu\/ro\/wp-json\/wp\/v2\/comments?post=38934"}],"version-history":[{"count":6,"href":"https:\/\/prod2.atlatszo.exot.hu\/ro\/wp-json\/wp\/v2\/posts\/38934\/revisions"}],"predecessor-version":[{"id":38962,"href":"https:\/\/prod2.atlatszo.exot.hu\/ro\/wp-json\/wp\/v2\/posts\/38934\/revisions\/38962"}],"wp:featuredmedia":[{"embeddable":true,"href":"https:\/\/prod2.atlatszo.exot.hu\/ro\/wp-json\/wp\/v2\/media\/36148"}],"wp:attachment":[{"href":"https:\/\/prod2.atlatszo.exot.hu\/ro\/wp-json\/wp\/v2\/media?parent=38934"}],"wp:term":[{"taxonomy":"category","embeddable":true,"href":"https:\/\/prod2.atlatszo.exot.hu\/ro\/wp-json\/wp\/v2\/categories?post=38934"},{"taxonomy":"post_tag","embeddable":true,"href":"https:\/\/prod2.atlatszo.exot.hu\/ro\/wp-json\/wp\/v2\/tags?post=38934"},{"taxonomy":"author","embeddable":true,"href":"https:\/\/prod2.atlatszo.exot.hu\/ro\/wp-json\/wp\/v2\/ppma_author?post=38934"}],"curies":[{"name":"wp","href":"https:\/\/api.w.org\/{rel}","templated":true}]}}